{"id":143,"date":"2020-09-02T13:01:50","date_gmt":"2020-09-02T12:01:50","guid":{"rendered":"https:\/\/hanswaltervogt.de\/blog\/?p=143"},"modified":"2025-01-13T09:25:28","modified_gmt":"2025-01-13T08:25:28","slug":"ausflug-nach-ruedesheim-in-der-letzten-woche-im-august-2020","status":"publish","type":"post","link":"https:\/\/hanswaltervogt.de\/blog\/2020\/09\/02\/ausflug-nach-ruedesheim-in-der-letzten-woche-im-august-2020\/","title":{"rendered":"Ausflug nach R\u00fcdesheim in der letzten Woche im August 2020"},"content":{"rendered":"\n<h4 class=\"wp-block-heading\"><strong>Zwischenstop Edersee<\/strong><\/h4>\n\n\n\n<div class=\"wp-block-columns are-vertically-aligned-top alignwide is-layout-flex wp-container-core-columns-is-layout-9d6595d7 wp-block-columns-is-layout-flex\">\n<div class=\"wp-block-column is-layout-flow wp-block-column-is-layout-flow\" style=\"flex-basis:33%\">\n<figure data-wp-context=\"{&quot;imageId&quot;:&quot;69ee50e18d61b&quot;}\" data-wp-interactive=\"core\/image\" data-wp-key=\"69ee50e18d61b\" class=\"wp-block-image wp-lightbox-container\"><img loading=\"lazy\" decoding=\"async\" width=\"1024\" height=\"768\" data-wp-class--hide=\"state.isContentHidden\" data-wp-class--show=\"state.isContentVisible\" data-wp-init=\"callbacks.setButtonStyles\" data-wp-on--click=\"actions.showLightbox\" data-wp-on--load=\"callbacks.setButtonStyles\" data-wp-on-window--resize=\"callbacks.setButtonStyles\" src=\"https:\/\/hanswaltervogt.de\/blog\/wp-content\/uploads\/2020\/09\/1_Zu\u0308ndstoff-Western-City-am-Edersee_2020_08_24_18-1024x768.jpg\" alt=\"\" class=\"wp-image-144\" srcset=\"https:\/\/hanswaltervogt.de\/blog\/wp-content\/uploads\/2020\/09\/1_Zu\u0308ndstoff-Western-City-am-Edersee_2020_08_24_18-1024x768.jpg 1024w, https:\/\/hanswaltervogt.de\/blog\/wp-content\/uploads\/2020\/09\/1_Zu\u0308ndstoff-Western-City-am-Edersee_2020_08_24_18-300x225.jpg 300w, https:\/\/hanswaltervogt.de\/blog\/wp-content\/uploads\/2020\/09\/1_Zu\u0308ndstoff-Western-City-am-Edersee_2020_08_24_18-768x576.jpg 768w, https:\/\/hanswaltervogt.de\/blog\/wp-content\/uploads\/2020\/09\/1_Zu\u0308ndstoff-Western-City-am-Edersee_2020_08_24_18-1536x1152.jpg 1536w, https:\/\/hanswaltervogt.de\/blog\/wp-content\/uploads\/2020\/09\/1_Zu\u0308ndstoff-Western-City-am-Edersee_2020_08_24_18-2048x1536.jpg 2048w\" sizes=\"auto, (max-width: 767px) 89vw, (max-width: 1000px) 54vw, (max-width: 1071px) 543px, 580px\" \/><button\n\t\t\tclass=\"lightbox-trigger\"\n\t\t\ttype=\"button\"\n\t\t\taria-haspopup=\"dialog\"\n\t\t\taria-label=\"Vergr\u00f6\u00dfern\"\n\t\t\tdata-wp-init=\"callbacks.initTriggerButton\"\n\t\t\tdata-wp-on--click=\"actions.showLightbox\"\n\t\t\tdata-wp-style--right=\"state.imageButtonRight\"\n\t\t\tdata-wp-style--top=\"state.imageButtonTop\"\n\t\t>\n\t\t\t<svg xmlns=\"http:\/\/www.w3.org\/2000\/svg\" width=\"12\" height=\"12\" fill=\"none\" viewBox=\"0 0 12 12\">\n\t\t\t\t<path fill=\"#fff\" d=\"M2 0a2 2 0 0 0-2 2v2h1.5V2a.5.5 0 0 1 .5-.5h2V0H2Zm2 10.5H2a.5.5 0 0 1-.5-.5V8H0v2a2 2 0 0 0 2 2h2v-1.5ZM8 12v-1.5h2a.5.5 0 0 0 .5-.5V8H12v2a2 2 0 0 1-2 2H8Zm2-12a2 2 0 0 1 2 2v2h-1.5V2a.5.5 0 0 0-.5-.5H8V0h2Z\" \/>\n\t\t\t<\/svg>\n\t\t<\/button><\/figure>\n<\/div>\n\n\n\n<div class=\"wp-block-column is-layout-flow wp-block-column-is-layout-flow\" style=\"flex-basis:67%\">\n<p>Auf dem Weg nach R\u00fcdesheim (Mo. 24.08.), hatten wir geplant, am Edersee einen Zwischenstop einzulegen. Wir hatten ein Zimmer im <a rel=\"noreferrer noopener\" href=\"https:\/\/www.zuendstoff-edersee.de\/\" target=\"_blank\">Motel Western City &#8211; Z\u00fcndstoff<\/a> gebucht.<br><\/p>\n<\/div>\n<\/div>\n\n\n\n<p>Nach Bezug unseres Zimmers und einem Tausch der Motorrad-Uniform sind wir dann in Richtung Edertalsperre aufgebrochen. Danach wieder den Weg zur\u00fcck und die gleiche Strecke nochmal in die andere Richtung zum Tollen Haus.<\/p>\n\n\n\n<p>Das waren dann alles in allem <b><i>169<\/i><\/b> km mit dem Motorrad und   <b><i>10<\/i><\/b> km Fu\u00dfmarsch an dem Tag.<\/p>\n\n\n\n<figure data-wp-context=\"{&quot;imageId&quot;:&quot;69ee50e18dde9&quot;}\" data-wp-interactive=\"core\/image\" data-wp-key=\"69ee50e18dde9\" class=\"wp-block-image size-large is-resized wp-lightbox-container\"><img loading=\"lazy\" decoding=\"async\" width=\"750\" height=\"842\" data-wp-class--hide=\"state.isContentHidden\" data-wp-class--show=\"state.isContentVisible\" data-wp-init=\"callbacks.setButtonStyles\" data-wp-on--click=\"actions.showLightbox\" data-wp-on--load=\"callbacks.setButtonStyles\" data-wp-on-window--resize=\"callbacks.setButtonStyles\" src=\"https:\/\/hanswaltervogt.de\/blog\/wp-content\/uploads\/2020\/09\/Schritte-1.-Tag-Edersee-1.png\" alt=\"\" class=\"wp-image-149\" style=\"width:213px;height:auto\" srcset=\"https:\/\/hanswaltervogt.de\/blog\/wp-content\/uploads\/2020\/09\/Schritte-1.-Tag-Edersee-1.png 750w, https:\/\/hanswaltervogt.de\/blog\/wp-content\/uploads\/2020\/09\/Schritte-1.-Tag-Edersee-1-267x300.png 267w\" sizes=\"auto, (max-width: 706px) 89vw, (max-width: 767px) 82vw, 740px\" \/><button\n\t\t\tclass=\"lightbox-trigger\"\n\t\t\ttype=\"button\"\n\t\t\taria-haspopup=\"dialog\"\n\t\t\taria-label=\"Vergr\u00f6\u00dfern\"\n\t\t\tdata-wp-init=\"callbacks.initTriggerButton\"\n\t\t\tdata-wp-on--click=\"actions.showLightbox\"\n\t\t\tdata-wp-style--right=\"state.imageButtonRight\"\n\t\t\tdata-wp-style--top=\"state.imageButtonTop\"\n\t\t>\n\t\t\t<svg xmlns=\"http:\/\/www.w3.org\/2000\/svg\" width=\"12\" height=\"12\" fill=\"none\" viewBox=\"0 0 12 12\">\n\t\t\t\t<path fill=\"#fff\" d=\"M2 0a2 2 0 0 0-2 2v2h1.5V2a.5.5 0 0 1 .5-.5h2V0H2Zm2 10.5H2a.5.5 0 0 1-.5-.5V8H0v2a2 2 0 0 0 2 2h2v-1.5ZM8 12v-1.5h2a.5.5 0 0 0 .5-.5V8H12v2a2 2 0 0 1-2 2H8Zm2-12a2 2 0 0 1 2 2v2h-1.5V2a.5.5 0 0 0-.5-.5H8V0h2Z\" \/>\n\t\t\t<\/svg>\n\t\t<\/button><\/figure>\n\n\n\n<p>Abends haben sich dann noch 3 Mann einquatiert. Sie waren mit ihren 40 Jahre alten Z\u00fcndapps angekommen. Die waren super restauriert und weckten alte Erinnerungen an meine alte Kreidler vor 45 Jahren in mir.<\/p>\n\n\n\n<figure data-wp-context=\"{&quot;imageId&quot;:&quot;69ee50e18e0c7&quot;}\" data-wp-interactive=\"core\/image\" data-wp-key=\"69ee50e18e0c7\" class=\"wp-block-image size-large is-resized wp-lightbox-container\"><img loading=\"lazy\" decoding=\"async\" width=\"1024\" height=\"482\" data-wp-class--hide=\"state.isContentHidden\" data-wp-class--show=\"state.isContentVisible\" data-wp-init=\"callbacks.setButtonStyles\" data-wp-on--click=\"actions.showLightbox\" data-wp-on--load=\"callbacks.setButtonStyles\" data-wp-on-window--resize=\"callbacks.setButtonStyles\" src=\"https:\/\/hanswaltervogt.de\/blog\/wp-content\/uploads\/2020\/09\/alte-restaurierte-Zu\u0308ndapps-1024x482.png\" alt=\"\" class=\"wp-image-155\" style=\"width:377px;height:auto\" srcset=\"https:\/\/hanswaltervogt.de\/blog\/wp-content\/uploads\/2020\/09\/alte-restaurierte-Zu\u0308ndapps-1024x482.png 1024w, https:\/\/hanswaltervogt.de\/blog\/wp-content\/uploads\/2020\/09\/alte-restaurierte-Zu\u0308ndapps-300x141.png 300w, https:\/\/hanswaltervogt.de\/blog\/wp-content\/uploads\/2020\/09\/alte-restaurierte-Zu\u0308ndapps-768x361.png 768w, https:\/\/hanswaltervogt.de\/blog\/wp-content\/uploads\/2020\/09\/alte-restaurierte-Zu\u0308ndapps.png 1214w\" sizes=\"auto, (max-width: 767px) 89vw, (max-width: 1000px) 54vw, (max-width: 1071px) 543px, 580px\" \/><button\n\t\t\tclass=\"lightbox-trigger\"\n\t\t\ttype=\"button\"\n\t\t\taria-haspopup=\"dialog\"\n\t\t\taria-label=\"Vergr\u00f6\u00dfern\"\n\t\t\tdata-wp-init=\"callbacks.initTriggerButton\"\n\t\t\tdata-wp-on--click=\"actions.showLightbox\"\n\t\t\tdata-wp-style--right=\"state.imageButtonRight\"\n\t\t\tdata-wp-style--top=\"state.imageButtonTop\"\n\t\t>\n\t\t\t<svg xmlns=\"http:\/\/www.w3.org\/2000\/svg\" width=\"12\" height=\"12\" fill=\"none\" viewBox=\"0 0 12 12\">\n\t\t\t\t<path fill=\"#fff\" d=\"M2 0a2 2 0 0 0-2 2v2h1.5V2a.5.5 0 0 1 .5-.5h2V0H2Zm2 10.5H2a.5.5 0 0 1-.5-.5V8H0v2a2 2 0 0 0 2 2h2v-1.5ZM8 12v-1.5h2a.5.5 0 0 0 .5-.5V8H12v2a2 2 0 0 1-2 2H8Zm2-12a2 2 0 0 1 2 2v2h-1.5V2a.5.5 0 0 0-.5-.5H8V0h2Z\" \/>\n\t\t\t<\/svg>\n\t\t<\/button><\/figure>\n\n\n\n<h4 class=\"wp-block-heading\"><strong>Fahrt nach R\u00fcdesheim<\/strong><\/h4>\n\n\n\n<p>Am n\u00e4chsten Tag (Di. 25.08.) wurde unser n\u00e4chstes Ziel <a rel=\"noreferrer noopener\" href=\"https:\/\/www.ruedesheim.de\/\" target=\"_blank\">R\u00fcdesheim<\/a> angesteuert. Auf dem Weg dorthin einmal das Gelbachtal und das Wispertal (teilweise) durchfahren, das muss mit dem Motorrad einfach sein. Nach Einchecken im Hotel sind wir zu einem Stadtbummel aufgebrochen. Die <a rel=\"noreferrer noopener\" href=\"https:\/\/www.drosselgasse.de\/\" target=\"_blank\">Drosselgasse<\/a> war nicht so \u00fcberf\u00fcllt, wie normalerweise. Sie eignet sich aber haupts\u00e4chlich f\u00fcr Weinproben und nicht so sehr f\u00fcr den Stadtbummel.<\/p>\n\n\n\n<p>Dann kam der gro\u00dfe Hunger und wir sind auf Empfehlung vom Hotel in die <a rel=\"noreferrer noopener\" href=\"https:\/\/www.ratsstube-ruedesheim.de\/\" target=\"_blank\">Ratsstube<\/a> eingekehrt. War sehr lecker, auch der Wein. Wir sind dann f\u00fcr den Abend noch an den Rhein gewackelt und haben dort am <a rel=\"noreferrer noopener\" href=\"https:\/\/www.weinstrand.de\/\" target=\"_blank\">Weinstrand<\/a> noch ein Gl\u00e4schen Wein und die Abendsonne am Rhein genossen.<\/p>\n\n\n\n<p>Das waren dann <strong><em>239<\/em><\/strong> km mit dem Motorrad und nur <strong><em>4<\/em><\/strong> km Fu\u00dfmarsch an dem Tag.<br><\/p>\n\n\n\n<p>Am 2. Tag (Mi. 26.08.) in R\u00fcdesheim haben wir einen weiteren Bogen um die Stadtmitte gedreht. Entlang am Adlerturm und an der Ruine der Hindenburgbr\u00fccke sind wir dann in der Wein-Destillerie der Firma <a rel=\"noreferrer noopener\" href=\"https:\/\/asbach.de\/\" target=\"_blank\">Asbach<\/a> gelandet.<\/p>\n\n\n\n<p>Weiter f\u00fchrte uns der Weg den Berg hinauf Richtung Windeck zur <a rel=\"noreferrer noopener\" href=\"https:\/\/www.abtei-st-hildegard.de\/\" target=\"_blank\">Abtei St. Hildegard<\/a>. Von hier oben hat man einen wunderbaren Blick auf R\u00fcdesheim und den Rhein.<\/p>\n\n\n\n<p>Diesmal keine km mit dem Motorrad daf\u00fcr aber gut <em><strong>13<\/strong><\/em> km zu Fu\u00df, incl. einiger H\u00f6henmeter.<br><\/p>\n\n\n\n<p>Am 3. Tag (Do. 27.08.) haben wir die <a rel=\"noreferrer noopener\" href=\"https:\/\/www.ruedesheim.de\/seilbahn\/\" target=\"_blank\">Romantik-Tour<\/a> gebucht. Diese startete mit der Gondelfahrt hoch zum Niederwalddenkmal. Dann gings zu Fu\u00df durch den Wald, vorbei an einigen Aussichtspunkten und Sehensw\u00fcrdigkeiten bis zum Jagdschloss Niederwald. Dann mit dem Sessellift wieder runter nach Assmannshausen. Weiter mit einer Schifffahrt von Assmannshausen zur <a rel=\"noreferrer noopener\" href=\"https:\/\/www.burg-rheinstein.de\/\" target=\"_blank\">Burg Rheinstein<\/a> inkl. Besichtigung der Burg und der Schifffahrt zur\u00fcck nach R\u00fcdesheim.<\/p>\n\n\n\n<p>Diesmal auch keine km mit dem Motorrad aber wieder knapp <em><strong>11<\/strong><\/em> km zu Fu\u00df.<\/p>\n\n\n\n<h4 class=\"wp-block-heading\"><strong>Treffen mit den FmS Mitgliedern zum 20 j\u00e4hrigen Jubil\u00e4um<\/strong><\/h4>\n\n\n\n<p>Am Freitag (28.08.) sind wir dann aufgebrochen Richtung Nidda zum <a rel=\"noreferrer noopener\" href=\"http:\/\/das-berghotel.de\/\" target=\"_blank\">Berghotel in Stornfels<\/a>. Dort war der Treffpunkt zur Jubil\u00e4ums-Tour des <a rel=\"noreferrer noopener\" href=\"http:\/\/www.fahrspass-mit-sicherheit.de\/\" target=\"_blank\">ADAC-Club FmS in OWL<\/a>. Unser Verein existiert inzwischen 20 Jahre und ich bin einer der Gr\u00fcndungsmitglieder. Am Abend haben wir zusammengesessen und gequatscht. Es gab noch lecker Essen, Schnitzel in allen m\u00f6glichen Variationen und lecker Bier vom <a rel=\"noreferrer noopener\" href=\"https:\/\/kloster-kreuzberg.de\/\" target=\"_blank\">Kloster Kreuzberg<\/a>. Dort war ich 2006 schon mal auf einer Mopedtour. Der Abend wurde dann am Lagerfeuer beendet.<\/p>\n\n\n\n<p>Das waren dann <strong><em>137<\/em><\/strong> km mit dem Motorrad und nur <strong><em>3<\/em><\/strong> km Fu\u00dfmarsch an dem Tag.<\/p>\n\n\n\n<p>An der Ausfahrt am Samstag (29.08.) konnten wir leider nicht teilnehmen, wir mussten die Heimreise antreten. <strong><em>294<\/em><\/strong> km Richtung Norden, dann sind wir wieder wohlbehalten zu Hause angekommen.<\/p>\n\n\n\n<h4 class=\"wp-block-heading\"><strong>Fazit<\/strong><\/h4>\n\n\n\n<p>Die Gegend um R\u00fcdesheim und Bingen ist herrlich und erholsam. Wer sich jetzt fragt &#8222;<em>Warum ist es am Rhein so sch\u00f6n<\/em>&#8222;, der weiss es, wenn er hier war.<\/p>\n\n\n\n<p>\u00dcber die ganze Woche sind wir <em><strong>840<\/strong><\/em> km mit dem Motorrad und <strong><em>40<\/em><\/strong> km zu Fu\u00df unterwegs gewesen.<\/p>\n\n\n\n<p>Alle Bilder sind in meiner <a href=\"https:\/\/hanswaltervogt.de\/galerie\/index.php?\/category\/42\" target=\"_blank\" rel=\"noreferrer noopener\">Galerie<\/a> zu finden.<\/p>\n","protected":false},"excerpt":{"rendered":"<p>Zwischenstop Edersee Auf dem Weg nach R\u00fcdesheim (Mo. 24.08.), hatten wir geplant, am Edersee einen Zwischenstop einzulegen. Wir hatten ein Zimmer im Motel Western City &#8211; Z\u00fcndstoff gebucht. Nach Bezug unseres Zimmers und einem Tausch der Motorrad-Uniform sind wir dann in Richtung Edertalsperre aufgebrochen. Danach wieder den Weg zur\u00fcck und die gleiche Strecke nochmal in &hellip; <\/p>\n<p class=\"link-more\"><a href=\"https:\/\/hanswaltervogt.de\/blog\/2020\/09\/02\/ausflug-nach-ruedesheim-in-der-letzten-woche-im-august-2020\/\" class=\"more-link\"><span class=\"screen-reader-text\">\u201eAusflug nach R\u00fcdesheim in der letzten Woche im August 2020\u201c <\/span>weiterlesen<\/a><\/p>\n","protected":false},"author":1,"featured_media":0,"comment_status":"closed","ping_status":"open","sticky":false,"template":"","format":"standard","meta":{"footnotes":""},"categories":[8],"tags":[12,11],"class_list":["post-143","post","type-post","status-publish","format-standard","hentry","category-mopedtouren","tag-motorrad","tag-ruedesheim"],"_links":{"self":[{"href":"https:\/\/hanswaltervogt.de\/blog\/wp-json\/wp\/v2\/posts\/143","targetHints":{"allow":["GET"]}}],"collection":[{"href":"https:\/\/hanswaltervogt.de\/blog\/wp-json\/wp\/v2\/posts"}],"about":[{"href":"https:\/\/hanswaltervogt.de\/blog\/wp-json\/wp\/v2\/types\/post"}],"author":[{"embeddable":true,"href":"https:\/\/hanswaltervogt.de\/blog\/wp-json\/wp\/v2\/users\/1"}],"replies":[{"embeddable":true,"href":"https:\/\/hanswaltervogt.de\/blog\/wp-json\/wp\/v2\/comments?post=143"}],"version-history":[{"count":11,"href":"https:\/\/hanswaltervogt.de\/blog\/wp-json\/wp\/v2\/posts\/143\/revisions"}],"predecessor-version":[{"id":386,"href":"https:\/\/hanswaltervogt.de\/blog\/wp-json\/wp\/v2\/posts\/143\/revisions\/386"}],"wp:attachment":[{"href":"https:\/\/hanswaltervogt.de\/blog\/wp-json\/wp\/v2\/media?parent=143"}],"wp:term":[{"taxonomy":"category","embeddable":true,"href":"https:\/\/hanswaltervogt.de\/blog\/wp-json\/wp\/v2\/categories?post=143"},{"taxonomy":"post_tag","embeddable":true,"href":"https:\/\/hanswaltervogt.de\/blog\/wp-json\/wp\/v2\/tags?post=143"}],"curies":[{"name":"wp","href":"https:\/\/api.w.org\/{rel}","templated":true}]}}