{"id":169,"date":"2021-07-14T11:47:11","date_gmt":"2021-07-14T10:47:11","guid":{"rendered":"https:\/\/hanswaltervogt.de\/blog\/?p=169"},"modified":"2023-10-30T16:24:14","modified_gmt":"2023-10-30T15:24:14","slug":"muehlenroute-im-kreis-minden-luebbecke","status":"publish","type":"post","link":"https:\/\/hanswaltervogt.de\/blog\/2021\/07\/14\/muehlenroute-im-kreis-minden-luebbecke\/","title":{"rendered":"M\u00fchlenroute im Kreis Minden-L\u00fcbbecke"},"content":{"rendered":"\n<p><strong>Abschluss der Fahrradtour durch den M\u00fchlenkreis<\/strong><\/p>\n\n\n\n<p>Nach vier Jahren haben wir es dieses Jahr endlich geschafft einen Termin f\u00fcr den Abschluss der M\u00fchlenroute im Kreis Minden-L\u00fcbbecke zu finden. Die Tour sollte vom 12.07. bis 14.07., also 3 Tage mit 2 \u00dcbernachtungen dauern. Wir m\u00fcssen noch die M\u00fchlen 21 bis 27 rund um Rahden besuchen.<\/p>\n\n\n\n<p>Leider hat uns ein Missgeschick schon an der 1. Station, die Ruine der Ellerburg mit ihrer Wasserm\u00fchle (M\u00fchle Nr. 27), zum Abbruch gezwungen.<\/p>\n\n\n\n<p>Dabei haben wir aber trotzdem eine gute \u00dcbernachtungsm\u00f6glichkeit in Levern gefunden, das <a rel=\"noreferrer noopener\" href=\"https:\/\/hotel-meyer-pilz.de\" target=\"_blank\">Land-gut-Hotel &#8222;Meyer-Pilz&#8220;<\/a> in der Ortsmitte neben der Kirche. Wir werden diese Runde aber dieses Jahr noch einmal in Angriff nehmen und dabei das Hotel wieder in die Route einbeziehen.<\/p>\n\n\n\n<p>Die folgenden Touren hatten wir schon 2017 absolviert:<\/p>\n\n\n\n<div class=\"wp-block-columns is-layout-flex wp-container-core-columns-is-layout-9d6595d7 wp-block-columns-is-layout-flex\">\n<div class=\"wp-block-column is-layout-flow wp-block-column-is-layout-flow\" style=\"flex-basis:3%\"><\/div>\n\n\n\n<div class=\"wp-block-column is-layout-flow wp-block-column-is-layout-flow\" style=\"flex-basis:90%\">\n<ol class=\"wp-block-list\">\n<li>Tour &#8211; <a rel=\"noreferrer noopener\" href=\"https:\/\/mopedfahrer-vogt.de\/my_New\/muhlenroute-1.-tour.html\" data-type=\"URL\" data-id=\"https:\/\/mopedfahrer-vogt.de\/my_New\/muhlenroute-1.-tour.html\" target=\"_blank\">So. 04.06.2017 (Pfingstsonntag)<\/a><\/li>\n\n\n\n<li>Tour &#8211; <a href=\"https:\/\/mopedfahrer-vogt.de\/my_New\/muhlenroute-2.-tour.html\" data-type=\"URL\" target=\"_blank\" rel=\"noreferrer noopener\">Mo. 05.06.2017 (Pfingstmontag, M\u00fchlentag)<\/a><\/li>\n\n\n\n<li>Tour &#8211; <a href=\"https:\/\/mopedfahrer-vogt.de\/my_New\/muhlenroute-3.-tour.html\" data-type=\"URL\" target=\"_blank\" rel=\"noreferrer noopener\">Do. 15.06.2017 (Fronleichnam)<\/a><\/li>\n\n\n\n<li>Tour und<\/li>\n\n\n\n<li>Tour &#8211; <a href=\"https:\/\/mopedfahrer-vogt.de\/my_New\/muhlenroute-4.-und-5.-tour.html\" data-type=\"URL\" target=\"_blank\" rel=\"noreferrer noopener\">So.\/Mo. 18. &amp; 19.06.2017<\/a><\/li>\n\n\n\n<li>Tour &#8211; <a href=\"https:\/\/mopedfahrer-vogt.de\/my_New\/muhlenroute-6.-tour.html\" data-type=\"URL\" target=\"_blank\" rel=\"noreferrer noopener\">So. 16.07.2017<\/a><\/li>\n\n\n\n<li>Tour &#8211; <a href=\"https:\/\/mopedfahrer-vogt.de\/my_New\/muhlenroute-7.-tour.html\" data-type=\"URL\" target=\"_blank\" rel=\"noreferrer noopener\">So. 23.07.2017<\/a><\/li>\n\n\n\n<li>Tour &#8211; <a href=\"https:\/\/mopedfahrer-vogt.de\/my_New\/muhlenroute-8.-tour.html\" data-type=\"URL\" target=\"_blank\" rel=\"noreferrer noopener\">Sa.\/So. 19. &amp; 20.08.2017<\/a><\/li>\n<\/ol>\n<\/div>\n<\/div>\n\n\n\n<p>Zum M\u00fchlenkreis gibt es noch folgende informative Links:<\/p>\n\n\n\n<div class=\"wp-block-columns is-layout-flex wp-container-core-columns-is-layout-9d6595d7 wp-block-columns-is-layout-flex\">\n<div class=\"wp-block-column is-layout-flow wp-block-column-is-layout-flow\" style=\"flex-basis:3%\"><\/div>\n\n\n\n<div class=\"wp-block-column is-layout-flow wp-block-column-is-layout-flow\" style=\"flex-basis:90%\">\n<ul class=\"wp-block-list\">\n<li><a href=\"http:\/\/www.muehlenkreis.de\/media\/custom\/2249_95_1.PDF?1355410052\" data-type=\"URL\" data-id=\"http:\/\/www.muehlenkreis.de\/media\/custom\/2249_95_1.PDF?1355410052\" target=\"_blank\" rel=\"noreferrer noopener\">Die offizielle M\u00fchlenroute<\/a><\/li>\n\n\n\n<li><a href=\"http:\/\/www.radroutenplaner.nrw.de\/rrp_routen.asp\" data-type=\"URL\" data-id=\"http:\/\/www.radroutenplaner.nrw.de\/rrp_routen.asp\" target=\"_blank\" rel=\"noreferrer noopener\">Die interaktive Karte der M\u00fchlenroute<\/a><\/li>\n<\/ul>\n<\/div>\n<\/div>\n\n\n<div class=\"wp-block-image\">\n<figure class=\"aligncenter size-large\"><img loading=\"lazy\" decoding=\"async\" width=\"271\" height=\"283\" src=\"https:\/\/hanswaltervogt.de\/blog\/wp-content\/uploads\/2021\/07\/QRcode-Muehlenroute.png\" alt=\"\" class=\"wp-image-212\"\/><figcaption class=\"wp-element-caption\">QR-Code f\u00fcr die offizielle M\u00fchlenroute<\/figcaption><\/figure>\n<\/div>\n\n\n<p><\/p>\n","protected":false},"excerpt":{"rendered":"<p>Abschluss der Fahrradtour durch den M\u00fchlenkreis Nach vier Jahren haben wir es dieses Jahr endlich geschafft einen Termin f\u00fcr den Abschluss der M\u00fchlenroute im Kreis Minden-L\u00fcbbecke zu finden. Die Tour sollte vom 12.07. bis 14.07., also 3 Tage mit 2 \u00dcbernachtungen dauern. Wir m\u00fcssen noch die M\u00fchlen 21 bis 27 rund um Rahden besuchen. Leider &hellip; <\/p>\n<p class=\"link-more\"><a href=\"https:\/\/hanswaltervogt.de\/blog\/2021\/07\/14\/muehlenroute-im-kreis-minden-luebbecke\/\" class=\"more-link\"><span class=\"screen-reader-text\">\u201eM\u00fchlenroute im Kreis Minden-L\u00fcbbecke\u201c <\/span>weiterlesen<\/a><\/p>\n","protected":false},"author":1,"featured_media":179,"comment_status":"closed","ping_status":"closed","sticky":false,"template":"","format":"standard","meta":{"footnotes":""},"categories":[10],"tags":[14],"class_list":["post-169","post","type-post","status-publish","format-standard","has-post-thumbnail","hentry","category-fahrradtouren","tag-fahrrad"],"_links":{"self":[{"href":"https:\/\/hanswaltervogt.de\/blog\/wp-json\/wp\/v2\/posts\/169","targetHints":{"allow":["GET"]}}],"collection":[{"href":"https:\/\/hanswaltervogt.de\/blog\/wp-json\/wp\/v2\/posts"}],"about":[{"href":"https:\/\/hanswaltervogt.de\/blog\/wp-json\/wp\/v2\/types\/post"}],"author":[{"embeddable":true,"href":"https:\/\/hanswaltervogt.de\/blog\/wp-json\/wp\/v2\/users\/1"}],"replies":[{"embeddable":true,"href":"https:\/\/hanswaltervogt.de\/blog\/wp-json\/wp\/v2\/comments?post=169"}],"version-history":[{"count":12,"href":"https:\/\/hanswaltervogt.de\/blog\/wp-json\/wp\/v2\/posts\/169\/revisions"}],"predecessor-version":[{"id":278,"href":"https:\/\/hanswaltervogt.de\/blog\/wp-json\/wp\/v2\/posts\/169\/revisions\/278"}],"wp:featuredmedia":[{"embeddable":true,"href":"https:\/\/hanswaltervogt.de\/blog\/wp-json\/wp\/v2\/media\/179"}],"wp:attachment":[{"href":"https:\/\/hanswaltervogt.de\/blog\/wp-json\/wp\/v2\/media?parent=169"}],"wp:term":[{"taxonomy":"category","embeddable":true,"href":"https:\/\/hanswaltervogt.de\/blog\/wp-json\/wp\/v2\/categories?post=169"},{"taxonomy":"post_tag","embeddable":true,"href":"https:\/\/hanswaltervogt.de\/blog\/wp-json\/wp\/v2\/tags?post=169"}],"curies":[{"name":"wp","href":"https:\/\/api.w.org\/{rel}","templated":true}]}}