{"id":87,"date":"2019-06-26T10:26:07","date_gmt":"2019-06-26T09:26:07","guid":{"rendered":"https:\/\/hanswaltervogt.de\/blog\/?p=87"},"modified":"2022-08-15T09:50:26","modified_gmt":"2022-08-15T08:50:26","slug":"wochenend-ausflug-zum-steinhuder-meer-01-02-06-2019","status":"publish","type":"post","link":"https:\/\/hanswaltervogt.de\/blog\/2019\/06\/26\/wochenend-ausflug-zum-steinhuder-meer-01-02-06-2019\/","title":{"rendered":"Wochenend-Ausflug zum Steinhuder Meer 01.-02.06.2019"},"content":{"rendered":"\n<h4 class=\"wp-block-heading\">Einmal mit dem Rad rund ums Steinhuder Meer.<\/h4>\n\n\n<div class=\"wp-block-image\">\n<figure class=\"alignleft is-resized\"><img loading=\"lazy\" decoding=\"async\" src=\"https:\/\/hanswaltervogt.de\/blog\/wp-content\/uploads\/2019\/06\/2_Radweg_ums_Steinhuder_Meer_01_06_2019_01-768x1024.jpg\" alt=\"\" class=\"wp-image-102\" width=\"182\" height=\"242\"\/><\/figure>\n<\/div>\n\n\n<p>Das hatten wir uns f\u00fcr dieses Wochenende vorgenommen. Da Andrea aber kein\n      freies Zimmer in Steinhude finden konnte, sind wir zun\u00e4chst mit der Bahn\n      (S1) nach Haste gestartet. Von dort waren es dann nur 11 km bis Steinhude,\n      gut \u00fcber Radwege zu fahren. Dort haben wir einen kleinen Rundgang durch\n      die Stadt gemacht. Dabei hatten wir im Touristik-Zentrum das Gl\u00fcck noch\n      ein freies Zimmer zu bekommen. In Idensen im Hotel &#8222;Deutsches Haus&#8220; war\n      noch ein Doppelzimmer frei.<\/p>\n    <p>Jetzt konnte die Tour \u00fcber den ausgeschilderten <a href=\"https:\/\/www.steinhuder-meer.de\/tour\/steinhuder-meer-rundweg\/\" title=\"Steinhuder Meer Rundweg\" target=\"_blank\" rel=\"noopener noreferrer\">Radweg\n        rund ums Steinhuder Meer<\/a> starten. Erste Pause war dann in Winzlar\n      bei der <a href=\"http:\/\/norberthoneck.de\" title=\"B\u00e4ckerei Honeck\" target=\"_blank\" rel=\"noopener noreferrer\">Biob\u00e4ckerei\n        Honeck<\/a>. Im Caf\u00e9garten habe wir etwas gegessen und getrunken. Bevor\n      es weiter ging, haben wir dann noch ein Buchweizenbrot f\u00fcr zu Hause\n      gekauft.<\/p>\n    <p>In Mardorf haben wir dann \u00fcberlegt mit der F\u00e4hre nach Steinhude zur\u00fcck zu\n      fahren. Haben aber den Anleger nicht finden k\u00f6nnen und haben dann aber den\n      Rest auch noch geschafft. Eine ca. 30 km Runde war geschafft. Eine kleine\n      Pause im <a href=\"https:\/\/www.alterwinkel.de\/f5-edit\/?domain=www.alterwinkel.de&amp;fuseaction=artikel&amp;ebene=3496&amp;show=detail&amp;artikel=13158\" title=\"Biergarten &quot;Alter Winkel&quot;\" target=\"_blank\" rel=\"noopener noreferrer\">Biergarten\n        &#8222;Alter Winkel&#8220;<\/a>, bevor das Hotel zur \u00dcbernachtung angefahren wurde.\n      Vorbei am Kalimanscharo ca. 9 km nach Idensen. Wir wurden schon freudig\n      erwartet. Nach beziehen des Zimmers und einer wohlverdienten Dusche sind\n      wir dann zu Fu\u00df aufgebrochen Richtung Mittelland-Kanal zum Restaurant\n      &#8222;Schatzinsel&#8220; am Jachthafen. Auf der Terrasse haben wir dann ein leckeres\n      Abendessen eingenommen, bevor es dann zur\u00fcck ins Bett ging.<\/p>\n    <p>Am n\u00e4chsten Morgen wurde dann der R\u00fcckweg nach Minden nach einem\n      ausgiebigen Fr\u00fchst\u00fcck entlag des Mittelland-Kanals gestartet. In <a href=\"http:\/\/wiedensahl.de\" title=\"Geburtsort von Wilhelm Busch\" target=\"_blank\" rel=\"noopener noreferrer\">Wiedensal<\/a>\n      haben wir dann angehalten, um das &#8222;Wilhelm Busch&#8220;-Museum zu besuchen. Wir\n      kamen gerade passend zu einer Museums-F\u00fchrung. Durch den Schaumburger Wald\n      ging es dann weiter Richtung Minden. Bei einer kurzen Pause hat mich dann\n      eine &#8222;Nieders\u00e4chsische Kampfm\u00fccken-Truppe&#8220; (Wortlaut von Andrea)\n      angefallen. Nach zwei Tagen sahen die M\u00fcckenstiche aus, als h\u00e4tte jemand\n      eine Zigarette am Bein ausgedr\u00fcckt. Ist aber zum Gl\u00fcck alles wieder\n      abgeheilt. Der Abschluss der R\u00fcckfahrt, ebenfalls entlang des Kanals,\n      haben wir dann im <a href=\"https:\/\/www.mifa.com\/speisen_im_bistro.php\" title=\"Guten Appetit\" target=\"_blank\" rel=\"noopener noreferrer\">Bistro\n        an der Schachtschleuse<\/a> gemacht. Der Flammkuchen ist sehr lecker.<\/p>\n    <p>Damit war das Fahrrad-Wochenende mit knapp 110 km erfolgreich\n      abgeschlossen und es war wieder ein sch\u00f6nes Wochenende bei absolut\n      phantastischem Wetter \u2600\ufe0f<\/p>\n    <p>Die Bilder zum WE sind in meiner <a href=\"https:\/\/hanswaltervogt.de\/galerie\/index.php?\/category\/37\" title=\"Bilder von Steinhuder Meer\" target=\"_blank\" rel=\"noopener noreferrer\">Galerie<\/a>\n      zu finden. <\/p>\n","protected":false},"excerpt":{"rendered":"<p>Einmal mit dem Rad rund ums Steinhuder Meer. Das hatten wir uns f\u00fcr dieses Wochenende vorgenommen. Da Andrea aber kein freies Zimmer in Steinhude finden konnte, sind wir zun\u00e4chst mit der Bahn (S1) nach Haste gestartet. Von dort waren es dann nur 11 km bis Steinhude, gut \u00fcber Radwege zu fahren. Dort haben wir einen &hellip; <\/p>\n<p class=\"link-more\"><a href=\"https:\/\/hanswaltervogt.de\/blog\/2019\/06\/26\/wochenend-ausflug-zum-steinhuder-meer-01-02-06-2019\/\" class=\"more-link\"><span class=\"screen-reader-text\">\u201eWochenend-Ausflug zum Steinhuder Meer 01.-02.06.2019\u201c <\/span>weiterlesen<\/a><\/p>\n","protected":false},"author":1,"featured_media":0,"comment_status":"closed","ping_status":"open","sticky":false,"template":"","format":"standard","meta":{"footnotes":""},"categories":[10],"tags":[14],"class_list":["post-87","post","type-post","status-publish","format-standard","hentry","category-fahrradtouren","tag-fahrrad"],"_links":{"self":[{"href":"https:\/\/hanswaltervogt.de\/blog\/wp-json\/wp\/v2\/posts\/87","targetHints":{"allow":["GET"]}}],"collection":[{"href":"https:\/\/hanswaltervogt.de\/blog\/wp-json\/wp\/v2\/posts"}],"about":[{"href":"https:\/\/hanswaltervogt.de\/blog\/wp-json\/wp\/v2\/types\/post"}],"author":[{"embeddable":true,"href":"https:\/\/hanswaltervogt.de\/blog\/wp-json\/wp\/v2\/users\/1"}],"replies":[{"embeddable":true,"href":"https:\/\/hanswaltervogt.de\/blog\/wp-json\/wp\/v2\/comments?post=87"}],"version-history":[{"count":12,"href":"https:\/\/hanswaltervogt.de\/blog\/wp-json\/wp\/v2\/posts\/87\/revisions"}],"predecessor-version":[{"id":246,"href":"https:\/\/hanswaltervogt.de\/blog\/wp-json\/wp\/v2\/posts\/87\/revisions\/246"}],"wp:attachment":[{"href":"https:\/\/hanswaltervogt.de\/blog\/wp-json\/wp\/v2\/media?parent=87"}],"wp:term":[{"taxonomy":"category","embeddable":true,"href":"https:\/\/hanswaltervogt.de\/blog\/wp-json\/wp\/v2\/categories?post=87"},{"taxonomy":"post_tag","embeddable":true,"href":"https:\/\/hanswaltervogt.de\/blog\/wp-json\/wp\/v2\/tags?post=87"}],"curies":[{"name":"wp","href":"https:\/\/api.w.org\/{rel}","templated":true}]}}